{"id":70,"count":2,"description":"In collaborazione con istituti di ricerca, accademie e universit\u00e0, Gibellina diventa centro del dibattito sulla contemporaneit\u00e0; sede di un<em>\u00a0Comitato Consultivo Nazionale sull\u2019Arte Contemporanea<\/em>\u00a0sar\u00e0 luogo di condivisione delle principali istanze dell\u2019arte contemporanea italiana. Tra progetti artistici diffusi, convegni e riflessioni, incontri e conferenze, verr\u00e0 approfondito il ruolo dell\u2019arte nei processi di rigenerazione urbana, presentando la citt\u00e0 come modello. Coinvolgendo esperti, curatori, architetti e artisti, Gibellina rafforzer\u00e0 la sua identit\u00e0 di \u201claboratorio aperto\u201d, promuovendo un turismo artistico, stimolando la creativit\u00e0 locale e dialogando con nuove tecnologie.","link":"https:\/\/gibellina2026.it\/en\/eventi\/simposi-conferenze-e-laboratori-civici\/","name":"Simposi, conferenze e laboratori civici","slug":"simposi-conferenze-e-laboratori-civici","taxonomy":"categorie-eventi","parent":0,"meta":[],"acf":[],"yoast_head":"<!-- This site is optimized with the Yoast SEO plugin v27.2 - https:\/\/yoast.com\/product\/yoast-seo-wordpress\/ -->\n<title>Simposi, conferenze e laboratori civici - Comune di Gibellina<\/title>\n<meta name=\"robots\" content=\"index, follow, max-snippet:-1, max-image-preview:large, max-video-preview:-1\" \/>\n<link rel=\"canonical\" href=\"https:\/\/gibellina2026.it\/en\/eventi\/simposi-conferenze-e-laboratori-civici\/\" \/>\n<meta property=\"og:locale\" content=\"en_GB\" \/>\n<meta property=\"og:type\" content=\"article\" \/>\n<meta property=\"og:title\" content=\"Simposi, conferenze e laboratori civici - Comune di Gibellina\" \/>\n<meta property=\"og:description\" content=\"In collaborazione con istituti di ricerca, accademie e universit\u00e0, Gibellina diventa centro del dibattito sulla contemporaneit\u00e0; sede di un\u00a0Comitato Consultivo Nazionale sull\u2019Arte Contemporanea\u00a0sar\u00e0 luogo di condivisione delle principali istanze dell\u2019arte contemporanea italiana. Tra progetti artistici diffusi, convegni e riflessioni, incontri e conferenze, verr\u00e0 approfondito il ruolo dell\u2019arte nei processi di rigenerazione urbana, presentando la citt\u00e0 come modello. Coinvolgendo esperti, curatori, architetti e artisti, Gibellina rafforzer\u00e0 la sua identit\u00e0 di \u201claboratorio aperto\u201d, promuovendo un turismo artistico, stimolando la creativit\u00e0 locale e dialogando con nuove tecnologie.\" \/>\n<meta property=\"og:url\" content=\"https:\/\/gibellina2026.it\/en\/eventi\/simposi-conferenze-e-laboratori-civici\/\" \/>\n<meta property=\"og:site_name\" content=\"Comune di Gibellina\" \/>\n<meta name=\"twitter:card\" content=\"summary_large_image\" \/>\n<script type=\"application\/ld+json\" class=\"yoast-schema-graph\">{\"@context\":\"https:\/\/schema.org\",\"@graph\":[{\"@type\":\"CollectionPage\",\"@id\":\"https:\/\/gibellina2026.it\/eventi\/simposi-conferenze-e-laboratori-civici\/\",\"url\":\"https:\/\/gibellina2026.it\/eventi\/simposi-conferenze-e-laboratori-civici\/\",\"name\":\"Simposi, conferenze e laboratori civici - Comune di Gibellina\",\"isPartOf\":{\"@id\":\"https:\/\/gibellina2026.it\/#website\"},\"breadcrumb\":{\"@id\":\"https:\/\/gibellina2026.it\/eventi\/simposi-conferenze-e-laboratori-civici\/#breadcrumb\"},\"inLanguage\":\"en-GB\"},{\"@type\":\"BreadcrumbList\",\"@id\":\"https:\/\/gibellina2026.it\/eventi\/simposi-conferenze-e-laboratori-civici\/#breadcrumb\",\"itemListElement\":[{\"@type\":\"ListItem\",\"position\":1,\"name\":\"Home\",\"item\":\"https:\/\/gibellina2026.it\/\"},{\"@type\":\"ListItem\",\"position\":2,\"name\":\"Simposi, conferenze e laboratori civici\"}]},{\"@type\":\"WebSite\",\"@id\":\"https:\/\/gibellina2026.it\/#website\",\"url\":\"https:\/\/gibellina2026.it\/\",\"name\":\"Comune di Gibellina\",\"description\":\"Capitale italiana dell&#039;arte contemporanea 2026\",\"publisher\":{\"@id\":\"https:\/\/gibellina2026.it\/#organization\"},\"potentialAction\":[{\"@type\":\"SearchAction\",\"target\":{\"@type\":\"EntryPoint\",\"urlTemplate\":\"https:\/\/gibellina2026.it\/?s={search_term_string}\"},\"query-input\":{\"@type\":\"PropertyValueSpecification\",\"valueRequired\":true,\"valueName\":\"search_term_string\"}}],\"inLanguage\":\"en-GB\"},{\"@type\":\"Organization\",\"@id\":\"https:\/\/gibellina2026.it\/#organization\",\"name\":\"Comune di Gibellina\",\"url\":\"https:\/\/gibellina2026.it\/\",\"logo\":{\"@type\":\"ImageObject\",\"inLanguage\":\"en-GB\",\"@id\":\"https:\/\/gibellina2026.it\/#\/schema\/logo\/image\/\",\"url\":\"https:\/\/gibellina2026.it\/wp-content\/uploads\/2025\/12\/logo-gibellina.png\",\"contentUrl\":\"https:\/\/gibellina2026.it\/wp-content\/uploads\/2025\/12\/logo-gibellina.png\",\"width\":348,\"height\":386,\"caption\":\"Comune di Gibellina\"},\"image\":{\"@id\":\"https:\/\/gibellina2026.it\/#\/schema\/logo\/image\/\"}}]}<\/script>\n<!-- \/ Yoast SEO plugin. -->","yoast_head_json":{"title":"Simposi, conferenze e laboratori civici - Comune di Gibellina","robots":{"index":"index","follow":"follow","max-snippet":"max-snippet:-1","max-image-preview":"max-image-preview:large","max-video-preview":"max-video-preview:-1"},"canonical":"https:\/\/gibellina2026.it\/en\/eventi\/simposi-conferenze-e-laboratori-civici\/","og_locale":"en_GB","og_type":"article","og_title":"Simposi, conferenze e laboratori civici - Comune di Gibellina","og_description":"In collaborazione con istituti di ricerca, accademie e universit\u00e0, Gibellina diventa centro del dibattito sulla contemporaneit\u00e0; sede di un\u00a0Comitato Consultivo Nazionale sull\u2019Arte Contemporanea\u00a0sar\u00e0 luogo di condivisione delle principali istanze dell\u2019arte contemporanea italiana. Tra progetti artistici diffusi, convegni e riflessioni, incontri e conferenze, verr\u00e0 approfondito il ruolo dell\u2019arte nei processi di rigenerazione urbana, presentando la citt\u00e0 come modello. Coinvolgendo esperti, curatori, architetti e artisti, Gibellina rafforzer\u00e0 la sua identit\u00e0 di \u201claboratorio aperto\u201d, promuovendo un turismo artistico, stimolando la creativit\u00e0 locale e dialogando con nuove tecnologie.","og_url":"https:\/\/gibellina2026.it\/en\/eventi\/simposi-conferenze-e-laboratori-civici\/","og_site_name":"Comune di Gibellina","twitter_card":"summary_large_image","schema":{"@context":"https:\/\/schema.org","@graph":[{"@type":"CollectionPage","@id":"https:\/\/gibellina2026.it\/eventi\/simposi-conferenze-e-laboratori-civici\/","url":"https:\/\/gibellina2026.it\/eventi\/simposi-conferenze-e-laboratori-civici\/","name":"Simposi, conferenze e laboratori civici - Comune di Gibellina","isPartOf":{"@id":"https:\/\/gibellina2026.it\/#website"},"breadcrumb":{"@id":"https:\/\/gibellina2026.it\/eventi\/simposi-conferenze-e-laboratori-civici\/#breadcrumb"},"inLanguage":"en-GB"},{"@type":"BreadcrumbList","@id":"https:\/\/gibellina2026.it\/eventi\/simposi-conferenze-e-laboratori-civici\/#breadcrumb","itemListElement":[{"@type":"ListItem","position":1,"name":"Home","item":"https:\/\/gibellina2026.it\/"},{"@type":"ListItem","position":2,"name":"Simposi, conferenze e laboratori civici"}]},{"@type":"WebSite","@id":"https:\/\/gibellina2026.it\/#website","url":"https:\/\/gibellina2026.it\/","name":"Comune di Gibellina","description":"Capitale italiana dell&#039;arte contemporanea 2026","publisher":{"@id":"https:\/\/gibellina2026.it\/#organization"},"potentialAction":[{"@type":"SearchAction","target":{"@type":"EntryPoint","urlTemplate":"https:\/\/gibellina2026.it\/?s={search_term_string}"},"query-input":{"@type":"PropertyValueSpecification","valueRequired":true,"valueName":"search_term_string"}}],"inLanguage":"en-GB"},{"@type":"Organization","@id":"https:\/\/gibellina2026.it\/#organization","name":"Comune di Gibellina","url":"https:\/\/gibellina2026.it\/","logo":{"@type":"ImageObject","inLanguage":"en-GB","@id":"https:\/\/gibellina2026.it\/#\/schema\/logo\/image\/","url":"https:\/\/gibellina2026.it\/wp-content\/uploads\/2025\/12\/logo-gibellina.png","contentUrl":"https:\/\/gibellina2026.it\/wp-content\/uploads\/2025\/12\/logo-gibellina.png","width":348,"height":386,"caption":"Comune di Gibellina"},"image":{"@id":"https:\/\/gibellina2026.it\/#\/schema\/logo\/image\/"}}]}},"_links":{"self":[{"href":"https:\/\/gibellina2026.it\/en\/wp-json\/wp\/v2\/categorie-eventi\/70","targetHints":{"allow":["GET"]}}],"collection":[{"href":"https:\/\/gibellina2026.it\/en\/wp-json\/wp\/v2\/categorie-eventi"}],"about":[{"href":"https:\/\/gibellina2026.it\/en\/wp-json\/wp\/v2\/taxonomies\/categorie-eventi"}],"wp:post_type":[{"href":"https:\/\/gibellina2026.it\/en\/wp-json\/wp\/v2\/eventi?categorie-eventi=70"}],"curies":[{"name":"wp","href":"https:\/\/api.w.org\/{rel}","templated":true}]}}