{"id":73,"count":11,"description":"Sta nel coinvolgimento attivo della comunit\u00e0 cittadina uno dei punti cardine di tutto il programma. Questa sezione \u00e8 dedicata a laboratori, attivit\u00e0 di formazione, progetti intergenerazionali ideati con l\u2019obiettivo di trasformare l\u2019esperienza della\u00a0<em>Capitale<\/em>\u00a0in un esercizio condiviso di cittadinanza culturale. Con il coinvolgimento di artisti contemporanei, artigiani locali, la realizzazione di podcast o percorsi di educazione all\u2019arte per ogni tipo di pubblico, vengono recuperate e condivise memorie che altrimenti andrebbero perdute, quelle stesse memorie che oggi diventano volano di nuova partecipazione.","link":"https:\/\/gibellina2026.it\/en\/eventi\/educazione-partecipazione\/","name":"Education &amp; Participation","slug":"educazione-partecipazione","taxonomy":"categorie-eventi","parent":0,"meta":[],"acf":[],"yoast_head":"<!-- This site is optimized with the Yoast SEO plugin v27.2 - https:\/\/yoast.com\/product\/yoast-seo-wordpress\/ -->\n<title>Educazione &amp; partecipazione - Comune di Gibellina<\/title>\n<meta name=\"robots\" content=\"index, follow, max-snippet:-1, max-image-preview:large, max-video-preview:-1\" \/>\n<link rel=\"canonical\" href=\"https:\/\/gibellina2026.it\/en\/eventi\/educazione-partecipazione\/\" \/>\n<meta property=\"og:locale\" content=\"en_GB\" \/>\n<meta property=\"og:type\" content=\"article\" \/>\n<meta property=\"og:title\" content=\"Educazione &amp; partecipazione - Comune di Gibellina\" \/>\n<meta property=\"og:description\" content=\"Sta nel coinvolgimento attivo della comunit\u00e0 cittadina uno dei punti cardine di tutto il programma. Questa sezione \u00e8 dedicata a laboratori, attivit\u00e0 di formazione, progetti intergenerazionali ideati con l\u2019obiettivo di trasformare l\u2019esperienza della\u00a0Capitale\u00a0in un esercizio condiviso di cittadinanza culturale. Con il coinvolgimento di artisti contemporanei, artigiani locali, la realizzazione di podcast o percorsi di educazione all\u2019arte per ogni tipo di pubblico, vengono recuperate e condivise memorie che altrimenti andrebbero perdute, quelle stesse memorie che oggi diventano volano di nuova partecipazione.\" \/>\n<meta property=\"og:url\" content=\"https:\/\/gibellina2026.it\/en\/eventi\/educazione-partecipazione\/\" \/>\n<meta property=\"og:site_name\" content=\"Comune di Gibellina\" \/>\n<meta name=\"twitter:card\" content=\"summary_large_image\" \/>\n<script type=\"application\/ld+json\" class=\"yoast-schema-graph\">{\"@context\":\"https:\/\/schema.org\",\"@graph\":[{\"@type\":\"CollectionPage\",\"@id\":\"https:\/\/gibellina2026.it\/eventi\/educazione-partecipazione\/\",\"url\":\"https:\/\/gibellina2026.it\/eventi\/educazione-partecipazione\/\",\"name\":\"Educazione &amp; partecipazione - Comune di Gibellina\",\"isPartOf\":{\"@id\":\"https:\/\/gibellina2026.it\/#website\"},\"breadcrumb\":{\"@id\":\"https:\/\/gibellina2026.it\/eventi\/educazione-partecipazione\/#breadcrumb\"},\"inLanguage\":\"en-GB\"},{\"@type\":\"BreadcrumbList\",\"@id\":\"https:\/\/gibellina2026.it\/eventi\/educazione-partecipazione\/#breadcrumb\",\"itemListElement\":[{\"@type\":\"ListItem\",\"position\":1,\"name\":\"Home\",\"item\":\"https:\/\/gibellina2026.it\/\"},{\"@type\":\"ListItem\",\"position\":2,\"name\":\"Educazione &amp; partecipazione\"}]},{\"@type\":\"WebSite\",\"@id\":\"https:\/\/gibellina2026.it\/#website\",\"url\":\"https:\/\/gibellina2026.it\/\",\"name\":\"Comune di Gibellina\",\"description\":\"Capitale italiana dell&#039;arte contemporanea 2026\",\"publisher\":{\"@id\":\"https:\/\/gibellina2026.it\/#organization\"},\"potentialAction\":[{\"@type\":\"SearchAction\",\"target\":{\"@type\":\"EntryPoint\",\"urlTemplate\":\"https:\/\/gibellina2026.it\/?s={search_term_string}\"},\"query-input\":{\"@type\":\"PropertyValueSpecification\",\"valueRequired\":true,\"valueName\":\"search_term_string\"}}],\"inLanguage\":\"en-GB\"},{\"@type\":\"Organization\",\"@id\":\"https:\/\/gibellina2026.it\/#organization\",\"name\":\"Comune di Gibellina\",\"url\":\"https:\/\/gibellina2026.it\/\",\"logo\":{\"@type\":\"ImageObject\",\"inLanguage\":\"en-GB\",\"@id\":\"https:\/\/gibellina2026.it\/#\/schema\/logo\/image\/\",\"url\":\"https:\/\/gibellina2026.it\/wp-content\/uploads\/2025\/12\/logo-gibellina.png\",\"contentUrl\":\"https:\/\/gibellina2026.it\/wp-content\/uploads\/2025\/12\/logo-gibellina.png\",\"width\":348,\"height\":386,\"caption\":\"Comune di Gibellina\"},\"image\":{\"@id\":\"https:\/\/gibellina2026.it\/#\/schema\/logo\/image\/\"}}]}<\/script>\n<!-- \/ Yoast SEO plugin. -->","yoast_head_json":{"title":"Educazione &amp; partecipazione - Comune di Gibellina","robots":{"index":"index","follow":"follow","max-snippet":"max-snippet:-1","max-image-preview":"max-image-preview:large","max-video-preview":"max-video-preview:-1"},"canonical":"https:\/\/gibellina2026.it\/en\/eventi\/educazione-partecipazione\/","og_locale":"en_GB","og_type":"article","og_title":"Educazione &amp; partecipazione - Comune di Gibellina","og_description":"Sta nel coinvolgimento attivo della comunit\u00e0 cittadina uno dei punti cardine di tutto il programma. Questa sezione \u00e8 dedicata a laboratori, attivit\u00e0 di formazione, progetti intergenerazionali ideati con l\u2019obiettivo di trasformare l\u2019esperienza della\u00a0Capitale\u00a0in un esercizio condiviso di cittadinanza culturale. Con il coinvolgimento di artisti contemporanei, artigiani locali, la realizzazione di podcast o percorsi di educazione all\u2019arte per ogni tipo di pubblico, vengono recuperate e condivise memorie che altrimenti andrebbero perdute, quelle stesse memorie che oggi diventano volano di nuova partecipazione.","og_url":"https:\/\/gibellina2026.it\/en\/eventi\/educazione-partecipazione\/","og_site_name":"Comune di Gibellina","twitter_card":"summary_large_image","schema":{"@context":"https:\/\/schema.org","@graph":[{"@type":"CollectionPage","@id":"https:\/\/gibellina2026.it\/eventi\/educazione-partecipazione\/","url":"https:\/\/gibellina2026.it\/eventi\/educazione-partecipazione\/","name":"Educazione &amp; partecipazione - Comune di Gibellina","isPartOf":{"@id":"https:\/\/gibellina2026.it\/#website"},"breadcrumb":{"@id":"https:\/\/gibellina2026.it\/eventi\/educazione-partecipazione\/#breadcrumb"},"inLanguage":"en-GB"},{"@type":"BreadcrumbList","@id":"https:\/\/gibellina2026.it\/eventi\/educazione-partecipazione\/#breadcrumb","itemListElement":[{"@type":"ListItem","position":1,"name":"Home","item":"https:\/\/gibellina2026.it\/"},{"@type":"ListItem","position":2,"name":"Educazione &amp; partecipazione"}]},{"@type":"WebSite","@id":"https:\/\/gibellina2026.it\/#website","url":"https:\/\/gibellina2026.it\/","name":"Comune di Gibellina","description":"Capitale italiana dell&#039;arte contemporanea 2026","publisher":{"@id":"https:\/\/gibellina2026.it\/#organization"},"potentialAction":[{"@type":"SearchAction","target":{"@type":"EntryPoint","urlTemplate":"https:\/\/gibellina2026.it\/?s={search_term_string}"},"query-input":{"@type":"PropertyValueSpecification","valueRequired":true,"valueName":"search_term_string"}}],"inLanguage":"en-GB"},{"@type":"Organization","@id":"https:\/\/gibellina2026.it\/#organization","name":"Comune di Gibellina","url":"https:\/\/gibellina2026.it\/","logo":{"@type":"ImageObject","inLanguage":"en-GB","@id":"https:\/\/gibellina2026.it\/#\/schema\/logo\/image\/","url":"https:\/\/gibellina2026.it\/wp-content\/uploads\/2025\/12\/logo-gibellina.png","contentUrl":"https:\/\/gibellina2026.it\/wp-content\/uploads\/2025\/12\/logo-gibellina.png","width":348,"height":386,"caption":"Comune di Gibellina"},"image":{"@id":"https:\/\/gibellina2026.it\/#\/schema\/logo\/image\/"}}]}},"_links":{"self":[{"href":"https:\/\/gibellina2026.it\/en\/wp-json\/wp\/v2\/categorie-eventi\/73","targetHints":{"allow":["GET"]}}],"collection":[{"href":"https:\/\/gibellina2026.it\/en\/wp-json\/wp\/v2\/categorie-eventi"}],"about":[{"href":"https:\/\/gibellina2026.it\/en\/wp-json\/wp\/v2\/taxonomies\/categorie-eventi"}],"wp:post_type":[{"href":"https:\/\/gibellina2026.it\/en\/wp-json\/wp\/v2\/eventi?categorie-eventi=73"}],"curies":[{"name":"wp","href":"https:\/\/api.w.org\/{rel}","templated":true}]}}